{"id":2211,"date":"2026-04-28T19:55:51","date_gmt":"2026-04-28T19:55:51","guid":{"rendered":"https:\/\/racaoconfianca.com.br\/?p=2211"},"modified":"2026-04-28T19:57:43","modified_gmt":"2026-04-28T19:57:43","slug":"abril-laranja-cuidar-de-animais-e-responsabilidade-porque-quem-ama-cuida","status":"publish","type":"post","link":"https:\/\/racaoconfianca.com.br\/index.php\/2026\/04\/28\/abril-laranja-cuidar-de-animais-e-responsabilidade-porque-quem-ama-cuida\/","title":{"rendered":"Abril Laranja: cuidar de animais \u00e9 responsabilidade, porque quem ama, cuida."},"content":{"rendered":"\t\t<div data-elementor-type=\"wp-post\" data-elementor-id=\"2211\" class=\"elementor elementor-2211\" data-elementor-post-type=\"post\">\n\t\t\t\t<div data-particle_enable=\"false\" data-particle-mobile-disabled=\"false\" class=\"elementor-element elementor-element-3d74c0a e-flex e-con-boxed e-con e-parent\" data-id=\"3d74c0a\" data-element_type=\"container\" data-e-type=\"container\">\n\t\t\t\t\t<div class=\"e-con-inner\">\n\t\t\t\t<div class=\"elementor-element elementor-element-0d73577 elementor-widget elementor-widget-heading\" data-id=\"0d73577\" data-element_type=\"widget\" data-e-type=\"widget\" data-widget_type=\"heading.default\">\n\t\t\t\t<div class=\"elementor-widget-container\">\n\t\t\t\t\t<h2 class=\"elementor-heading-title elementor-size-default\">Todo m\u00eas de abril, o pa\u00eds se mobiliza em prol de uma causa urgente: a defesa dos animais.<\/h2>\t\t\t\t<\/div>\n\t\t\t\t<\/div>\n\t\t\t\t<div class=\"elementor-element elementor-element-3eb88cc elementor-widget elementor-widget-text-editor\" data-id=\"3eb88cc\" data-element_type=\"widget\" data-e-type=\"widget\" data-widget_type=\"text-editor.default\">\n\t\t\t\t<div class=\"elementor-widget-container\">\n\t\t\t\t\t\t\t\t\t<p>O Abril Laranja constitui uma campanha de sensibiliza\u00e7\u00e3o contra a crueldade e os<br \/>maus-tratos, convidando \u00e0 reflex\u00e3o sobre o que realmente implica a responsabilidade<br \/>por um ser que depende totalmente de n\u00f3s.<\/p>\t\t\t\t\t\t\t\t<\/div>\n\t\t\t\t<\/div>\n\t\t\t\t<div class=\"elementor-element elementor-element-437d76e elementor-widget elementor-widget-heading\" data-id=\"437d76e\" data-element_type=\"widget\" data-e-type=\"widget\" data-widget_type=\"heading.default\">\n\t\t\t\t<div class=\"elementor-widget-container\">\n\t\t\t\t\t<h2 class=\"elementor-heading-title elementor-size-default\">Maus-tratos apresentam-se de variadas maneiras<\/h2>\t\t\t\t<\/div>\n\t\t\t\t<\/div>\n\t\t\t\t<div class=\"elementor-element elementor-element-f6fa8d1 elementor-widget elementor-widget-text-editor\" data-id=\"f6fa8d1\" data-element_type=\"widget\" data-e-type=\"widget\" data-widget_type=\"text-editor.default\">\n\t\t\t\t<div class=\"elementor-widget-container\">\n\t\t\t\t\t\t\t\t\t<p>A agress\u00e3o f\u00edsica \u00e9 somente uma delas. Na maior parte das situa\u00e7\u00f5es, o sofrimento<br \/>animal \u00e9 silencioso: alimenta\u00e7\u00e3o inadequada, falta de \u00e1gua pot\u00e1vel, confinamento em<br \/>locais insalubres, aus\u00eancia de cuidados veterin\u00e1rios ou abandono puro e simples. Tudo<br \/>isso provoca danos concretos, tanto f\u00edsicos quanto emocionais. O sofrimento invis\u00edvel<br \/>continua sendo sofrimento.<\/p>\t\t\t\t\t\t\t\t<\/div>\n\t\t\t\t<\/div>\n\t\t\t\t<div class=\"elementor-element elementor-element-0aef72d elementor-widget elementor-widget-text-editor\" data-id=\"0aef72d\" data-element_type=\"widget\" data-e-type=\"widget\" data-widget_type=\"text-editor.default\">\n\t\t\t\t<div class=\"elementor-widget-container\">\n\t\t\t\t\t\t\t\t\t<p>De acordo com a Lei Federal n\u00ba 9.605\/1998, maltratar animais configura crime, com<br \/>pena que pode chegar a cinco anos de reclus\u00e3o. Ainda assim, epis\u00f3dios de neglig\u00eancia<br \/>permanecem subnotificados no pa\u00eds, o que evidencia a necessidade de den\u00fancias e de<br \/>uma conscientiza\u00e7\u00e3o permanente.<\/p>\t\t\t\t\t\t\t\t<\/div>\n\t\t\t\t<\/div>\n\t\t\t\t<div class=\"elementor-element elementor-element-f02fd4f elementor-widget elementor-widget-heading\" data-id=\"f02fd4f\" data-element_type=\"widget\" data-e-type=\"widget\" data-widget_type=\"heading.default\">\n\t\t\t\t<div class=\"elementor-widget-container\">\n\t\t\t\t\t<h2 class=\"elementor-heading-title elementor-size-default\">O que \u00e9 necess\u00e1rio para que um animal viva bem<\/h2>\t\t\t\t<\/div>\n\t\t\t\t<\/div>\n\t\t\t\t<div class=\"elementor-element elementor-element-af9e515 elementor-widget elementor-widget-text-editor\" data-id=\"af9e515\" data-element_type=\"widget\" data-e-type=\"widget\" data-widget_type=\"text-editor.default\">\n\t\t\t\t<div class=\"elementor-widget-container\">\n\t\t\t\t\t\t\t\t\t<p>Ter um animal de estima\u00e7\u00e3o envolve muito mais do que simplesmente oferecer<br \/>alimento e um local para dormir. Para que ele desfrute de sa\u00fade e bem-estar, s\u00e3o<br \/>imprescind\u00edveis:<\/p>\t\t\t\t\t\t\t\t<\/div>\n\t\t\t\t<\/div>\n\t\t\t\t<div class=\"elementor-element elementor-element-ac9b0b3 elementor-widget elementor-widget-text-editor\" data-id=\"ac9b0b3\" data-element_type=\"widget\" data-e-type=\"widget\" data-widget_type=\"text-editor.default\">\n\t\t\t\t<div class=\"elementor-widget-container\">\n\t\t\t\t\t\t\t\t\t<ul>\n<li>Ra\u00e7\u00e3o equilibrada e apropriada para cada etapa da vida<\/li>\n<li>\u00c1gua limpa e fresca acess\u00edvel em todos os momentos<\/li>\n<li>Local seguro, higienizado e confort\u00e1vel<\/li>\n<li>Atendimento veterin\u00e1rio peri\u00f3dico, n\u00e3o apenas em casos de urg\u00eancia<\/li>\n<li>\u00a0Estimula\u00e7\u00e3o mental, atividade f\u00edsica regular e demonstra\u00e7\u00f5es de carinho no dia a dia<\/li>\n<li>\u00a0Prote\u00e7\u00e3o contra doen\u00e7as, parasitas e situa\u00e7\u00f5es que ofere\u00e7am risco<\/li>\n<\/ul>\t\t\t\t\t\t\t\t<\/div>\n\t\t\t\t<\/div>\n\t\t\t\t<div class=\"elementor-element elementor-element-57060be elementor-widget elementor-widget-text-editor\" data-id=\"57060be\" data-element_type=\"widget\" data-e-type=\"widget\" data-widget_type=\"text-editor.default\">\n\t\t\t\t<div class=\"elementor-widget-container\">\n\t\t\t\t\t\t\t\t\t<p>Quando qualquer um desses aspectos \u00e9 negligenciado, mesmo sem inten\u00e7\u00e3o, ficam<br \/>evidentes impactos na sa\u00fade e no comportamento do animal.<\/p>\t\t\t\t\t\t\t\t<\/div>\n\t\t\t\t<\/div>\n\t\t\t\t<div class=\"elementor-element elementor-element-0f3167d elementor-widget elementor-widget-heading\" data-id=\"0f3167d\" data-element_type=\"widget\" data-e-type=\"widget\" data-widget_type=\"heading.default\">\n\t\t\t\t<div class=\"elementor-widget-container\">\n\t\t\t\t\t<h2 class=\"elementor-heading-title elementor-size-default\">Como proceder diante de maus-tratos<\/h2>\t\t\t\t<\/div>\n\t\t\t\t<\/div>\n\t\t\t\t<div class=\"elementor-element elementor-element-30f24fc elementor-widget elementor-widget-text-editor\" data-id=\"30f24fc\" data-element_type=\"widget\" data-e-type=\"widget\" data-widget_type=\"text-editor.default\">\n\t\t\t\t<div class=\"elementor-widget-container\">\n\t\t\t\t\t\t\t\t\t<ul>\n<li>Se observar sinais de viol\u00eancia ou neglig\u00eancia, n\u00e3o mantenha sil\u00eancio. Voc\u00ea pode<br \/>registrar den\u00fancia<\/li>\n<li>Nas delegacias de prote\u00e7\u00e3o ao meio ambiente do seu estado<\/li>\n<li>Pelo telefone 190 (Pol\u00edcia Militar) em casos de flagrante<br \/>Em organiza\u00e7\u00f5es n\u00e3o governamentais e protetoras de animais da sua regi\u00e3o<\/li>\n<li>Por meio dos aplicativos municipais de den\u00fancia, dispon\u00edveis em algumas cidades<\/li>\n<li>Registrar foto ou v\u00eddeo da situa\u00e7\u00e3o (com seguran\u00e7a) pode ser fundamental para que a<br \/>den\u00fancia avance.<\/li>\n<\/ul>\t\t\t\t\t\t\t\t<\/div>\n\t\t\t\t<\/div>\n\t\t\t\t<div class=\"elementor-element elementor-element-3eac5e4 elementor-widget elementor-widget-heading\" data-id=\"3eac5e4\" data-element_type=\"widget\" data-e-type=\"widget\" data-widget_type=\"heading.default\">\n\t\t\t\t<div class=\"elementor-widget-container\">\n\t\t\t\t\t<h2 class=\"elementor-heading-title elementor-size-default\">Um compromisso que vai al\u00e9m do m\u00eas<\/h2>\t\t\t\t<\/div>\n\t\t\t\t<\/div>\n\t\t\t\t<div class=\"elementor-element elementor-element-391e4c2 elementor-widget elementor-widget-text-editor\" data-id=\"391e4c2\" data-element_type=\"widget\" data-e-type=\"widget\" data-widget_type=\"text-editor.default\">\n\t\t\t\t<div class=\"elementor-widget-container\">\n\t\t\t\t\t\t\t\t\t<p>O Abril Laranja coloca o tema em destaque, mas a prote\u00e7\u00e3o animal n\u00e3o cabe em quatro<br \/>semanas. Os animais sentem dor, desenvolvem v\u00ednculos e dependem dos humanos<br \/>para viver com dignidade.<\/p>\t\t\t\t\t\t\t\t<\/div>\n\t\t\t\t<\/div>\n\t\t\t\t<div class=\"elementor-element elementor-element-9313320 elementor-widget elementor-widget-text-editor\" data-id=\"9313320\" data-element_type=\"widget\" data-e-type=\"widget\" data-widget_type=\"text-editor.default\">\n\t\t\t\t<div class=\"elementor-widget-container\">\n\t\t\t\t\t\t\t\t\t<p>Reconhecer isso \u00e9 o primeiro passo para uma rela\u00e7\u00e3o verdadeiramente respons\u00e1vel.<\/p>\t\t\t\t\t\t\t\t<\/div>\n\t\t\t\t<\/div>\n\t\t\t\t<div class=\"elementor-element elementor-element-e9ac32d elementor-widget elementor-widget-text-editor\" data-id=\"e9ac32d\" data-element_type=\"widget\" data-e-type=\"widget\" data-widget_type=\"text-editor.default\">\n\t\t\t\t<div class=\"elementor-widget-container\">\n\t\t\t\t\t\t\t\t\t<p>Na Ra\u00e7\u00e3o Confian\u00e7a, entendemos que alimentar bem faz parte desse compromisso.<br \/>Nutri\u00e7\u00e3o de qualidade \u00e9 cuidado. Cuidar com const\u00e2ncia e respeito \u00e9 o maior gesto de<br \/>amor que podemos oferecer aos nossos pets.<\/p>\t\t\t\t\t\t\t\t<\/div>\n\t\t\t\t<\/div>\n\t\t\t\t\t<\/div>\n\t\t\t\t<\/div>\n\t\t<div data-particle_enable=\"false\" data-particle-mobile-disabled=\"false\" class=\"elementor-element elementor-element-a06ad9e e-flex e-con-boxed e-con e-parent\" data-id=\"a06ad9e\" data-element_type=\"container\" data-e-type=\"container\">\n\t\t\t\t\t<div class=\"e-con-inner\">\n\t\t\t\t<div class=\"elementor-element elementor-element-fb78b41 elementor-widget elementor-widget-text-editor\" data-id=\"fb78b41\" data-element_type=\"widget\" data-e-type=\"widget\" data-widget_type=\"text-editor.default\">\n\t\t\t\t<div class=\"elementor-widget-container\">\n\t\t\t\t\t\t\t\t\t<h4>Refer\u00eancias<\/h4>\t\t\t\t\t\t\t\t<\/div>\n\t\t\t\t<\/div>\n\t\t\t\t<div class=\"elementor-element elementor-element-735f6f9 elementor-widget elementor-widget-text-editor\" data-id=\"735f6f9\" data-element_type=\"widget\" data-e-type=\"widget\" data-widget_type=\"text-editor.default\">\n\t\t\t\t<div class=\"elementor-widget-container\">\n\t\t\t\t\t\t\t\t\t<p>BRASIL. Conselho Regional de Medicina Veterin\u00e1ria do Estado de S\u00e3o Paulo (CRMV-SP). Abril Laranja: campanha contra maus-tratos a animais. Dispon\u00edvel em: https:\/\/crmvsp.gov.br\/abril-laranja-crmv-sp-entra-na-campanha-contra-maus-tratos-a-animais \/. Acesso em: 07 abr. 2026.\u00a0<\/p>\n<p>BRASIL. Ag\u00eancia Bras\u00edlia. Campanha Abril Laranja sensibiliza a popula\u00e7\u00e3o contra a crueldade animal. Dispon\u00edvel em: <a href=\"https:\/\/www.agenciabrasilia.df.gov.br\/w\/campanha-abril-laranja-sensibiliza-a-populacao-contra-a-crueldade-animal\">Ag\u00eancia Bras\u00edlia<\/a> . Acesso em: 07 abr. 2026.<\/p>\n<p>BRASIL. Prefeitura de Caxias. Blitz educativa divulga Campanha Abril Laranja e incentiva den\u00fancias contra maus-tratos aos animais. Dispon\u00edvel em: https:\/\/caxias.ma.gov.br\/2025\/04\/26\/blitz-educativa-divulga-campanha-abril-laranja-e-incenti va-denuncias-contra-maus-tratos-aos-animais\/. Acesso em: 07 abr. 2026.<\/p>\n<p>BRASIL. Secretaria da Prote\u00e7\u00e3o Animal do Cear\u00e1. Campanha Abril Laranja: preven\u00e7\u00e3o contra a crueldade animal. Dispon\u00edvel em: <a href=\"https:\/\/www.protecaoanimal.ce.gov.br\/2025\/04\/02\/secretaria-da-protecao-animal-lanca-campanha-abril-laranja-em-alusao-ao-mes-de-prevencao-contra-a-crueldade-animal\/\">Secretaria da Prote\u00e7\u00e3o Animal<\/a> Acesso em: 07 abr. 2026.<\/p>\n<p>BRASIL. Assembleia Legislativa de Minas Gerais. Abril Laranja: preven\u00e7\u00e3o \u00e0 crueldade contra os animais. Dispon\u00edvel em: <a href=\"https:\/\/www.almg.gov.br\/acompanhe\/noticias\/arquivos\/2022\/03\/30_release_abril_laranja_ilu minacao_maus_tratos_animais\" data-wplink-url-error=\"true\">Assembl\u00e9ia Legislativa de Minas Gerais<\/a>. Acesso em: 07 abr. 2026.<\/p>\n<p>\u00a0<\/p>\t\t\t\t\t\t\t\t<\/div>\n\t\t\t\t<\/div>\n\t\t\t\t\t<\/div>\n\t\t\t\t<\/div>\n\t\t\t\t<\/div>\n\t\t","protected":false},"excerpt":{"rendered":"<p>Todo m\u00eas de abril, o pa\u00eds se mobiliza em prol de uma causa urgente: a defesa dos animais. O Abril Laranja constitui uma campanha de sensibiliza\u00e7\u00e3o contra a crueldade e osmaus-tratos, convidando \u00e0 reflex\u00e3o sobre o que realmente implica a responsabilidadepor um ser que depende totalmente de n\u00f3s. Maus-tratos apresentam-se de variadas maneiras A agress\u00e3o [&hellip;]<\/p>\n","protected":false},"author":3,"featured_media":2206,"comment_status":"closed","ping_status":"closed","sticky":false,"template":"elementor_theme","format":"standard","meta":{"_joinchat":[],"footnotes":""},"categories":[11],"tags":[20,17,18],"class_list":["post-2211","post","type-post","status-publish","format-standard","has-post-thumbnail","hentry","category-saude-pet","tag-cuidadopet","tag-racao-confianca","tag-saudepet"],"_links":{"self":[{"href":"https:\/\/racaoconfianca.com.br\/index.php\/wp-json\/wp\/v2\/posts\/2211","targetHints":{"allow":["GET"]}}],"collection":[{"href":"https:\/\/racaoconfianca.com.br\/index.php\/wp-json\/wp\/v2\/posts"}],"about":[{"href":"https:\/\/racaoconfianca.com.br\/index.php\/wp-json\/wp\/v2\/types\/post"}],"author":[{"embeddable":true,"href":"https:\/\/racaoconfianca.com.br\/index.php\/wp-json\/wp\/v2\/users\/3"}],"replies":[{"embeddable":true,"href":"https:\/\/racaoconfianca.com.br\/index.php\/wp-json\/wp\/v2\/comments?post=2211"}],"version-history":[{"count":92,"href":"https:\/\/racaoconfianca.com.br\/index.php\/wp-json\/wp\/v2\/posts\/2211\/revisions"}],"predecessor-version":[{"id":2304,"href":"https:\/\/racaoconfianca.com.br\/index.php\/wp-json\/wp\/v2\/posts\/2211\/revisions\/2304"}],"wp:featuredmedia":[{"embeddable":true,"href":"https:\/\/racaoconfianca.com.br\/index.php\/wp-json\/wp\/v2\/media\/2206"}],"wp:attachment":[{"href":"https:\/\/racaoconfianca.com.br\/index.php\/wp-json\/wp\/v2\/media?parent=2211"}],"wp:term":[{"taxonomy":"category","embeddable":true,"href":"https:\/\/racaoconfianca.com.br\/index.php\/wp-json\/wp\/v2\/categories?post=2211"},{"taxonomy":"post_tag","embeddable":true,"href":"https:\/\/racaoconfianca.com.br\/index.php\/wp-json\/wp\/v2\/tags?post=2211"}],"curies":[{"name":"wp","href":"https:\/\/api.w.org\/{rel}","templated":true}]}}